{"id":2655,"date":"2025-05-02T15:04:18","date_gmt":"2025-05-02T13:04:18","guid":{"rendered":"https:\/\/www.lerelaisdelabresque.net\/?p=2655"},"modified":"2025-05-05T12:32:02","modified_gmt":"2025-05-05T10:32:02","slug":"balades-foret-var","status":"publish","type":"post","link":"https:\/\/www.lerelaisdelabresque.net\/fr\/blog\/balades-foret-var\/","title":{"rendered":"5 Balades en for\u00eat dans le Var"},"content":{"rendered":"\n<p>Dans le <strong>Var<\/strong>, les<strong> for\u00eats<\/strong> exhalent des senteurs de pin, de ciste et de ch\u00eane li\u00e8ge. \u00c0 l\u2019ombre des feuillages, chacune des<strong> balades en for\u00eat dans le Var<\/strong> invite \u00e0 prendre le temps de se reconnecter \u00e0 soi et \u00e0 la nature environnante.<\/p>\n\n\n\n<p>Depuis Le<strong> Relais de la Bresque<\/strong>, agr\u00e9able <a href=\"https:\/\/www.lerelaisdelabresque.net\/fr\/\">camping \u00e0 Sillans-la-Cascade<\/a>, vous aurez ais\u00e9ment acc\u00e8s \u00e0 de belles for\u00eats que vous pourrez parcourir seul, entre amis ou en famille.<br><br><\/p>\n\n\n<div class=\"wp-block-image\">\n<figure class=\"aligncenter size-full\"><img decoding=\"async\" width=\"1024\" height=\"291\" src=\"https:\/\/www.lerelaisdelabresque.net\/wp-content\/uploads\/2025\/05\/balade-dans-le-var.jpg\" alt=\"Sentier d'une balade dans le Var\" class=\"wp-image-2688\" srcset=\"https:\/\/www.lerelaisdelabresque.net\/wp-content\/uploads\/2025\/05\/balade-dans-le-var.jpg 1024w, https:\/\/www.lerelaisdelabresque.net\/wp-content\/uploads\/2025\/05\/balade-dans-le-var-300x85.jpg 300w, https:\/\/www.lerelaisdelabresque.net\/wp-content\/uploads\/2025\/05\/balade-dans-le-var-768x218.jpg 768w, https:\/\/www.lerelaisdelabresque.net\/wp-content\/uploads\/2025\/05\/balade-dans-le-var-100x28.jpg 100w\" sizes=\"(max-width: 1024px) 100vw, 1024px\" \/><\/figure><\/div>\n\n\n<h2 class=\"wp-block-heading\">For\u00eat de Salernes<\/h2>\n\n\n\n<p>Tout pr\u00e8s de<strong> Sillans-la-Cascade<\/strong>, la<strong> for\u00eat de Salernes <\/strong>d\u00e9roule ses <strong>206 hectares <\/strong>de nature m\u00e9diterran\u00e9enne. Ici, les abords des sentiers alternent entre pins d&rsquo;Alep, ch\u00eanes verts, arbousiers et maquis parfum\u00e9s. Accessible \u00e0 pied comme \u00e0 v\u00e9lo, c\u2019est un endroit parfait pour profiter du calme, observer de plus pr\u00e8s la faune et la flore qui la composent et s&rsquo;immerger dans l&rsquo;authenticit\u00e9 des paysages proven\u00e7aux. Ais\u00e9ment accessible depuis le <strong>Relais de la Bresque<\/strong>, une<strong> balade dans cette for\u00eat pr\u00e9serv\u00e9e du Var <\/strong>vous permettra de retrouver calme et s\u00e9r\u00e9nit\u00e9.<\/p>\n\n\n\n<p><strong>En bref :<\/strong><\/p>\n\n\n\n<ul class=\"wp-block-list\">\n<li><strong>Comment y acc\u00e9der ?<\/strong> Parking de Saint-Barth\u00e9l\u00e9my, Salernes<\/li>\n\n\n\n<li><strong>Ce qui vous y attend :<\/strong> balade ombrag\u00e9e en for\u00eat, points d&rsquo;eau, grottes, chapelle, aires de pique-nique. Sentiers accessibles mais parfois peu balis\u00e9s. Calme et fra\u00eecheur.<\/li>\n\n\n\n<li><strong>Distance depuis le Relais de la Bresque :<\/strong> environ 10 minutes en voiture (8 km).<\/li>\n<\/ul>\n\n\n\n<h2 class=\"wp-block-heading\">For\u00eat de Villecroze<\/h2>\n\n\n\n<p><strong>La for\u00eat communale de Villecroze<\/strong> invite \u00e0 faire une balade paisible au c\u0153ur du Haut-Var. Sur 3,2 km, le <strong>sentier du Domaine Saint-Jean<\/strong> alterne entre <strong>vignes<\/strong>, <strong>pins parasols<\/strong>, <strong>ch\u00eanes truffiers et gen\u00e9vriers<\/strong>. En chemin, laissez-vous surprendre par un ancien <strong>aqueduc romain<\/strong>, deux <strong>cascades naturelles <\/strong>et les senteurs de thym et de serpolet. Depuis Le Relais de la Bresque, c\u2019est une escapade facile \u00e0 r\u00e9aliser, id\u00e9ale pour associer immersion dans la nature proven\u00e7ale et d\u00e9couverte historique.<\/p>\n\n\n\n<p><strong>En bref<\/strong><\/p>\n\n\n\n<ul class=\"wp-block-list\">\n<li><strong>Comment y acc\u00e9der ?<\/strong> D\u00e9part depuis la cave du Domaine Saint-Jean, Quartier Saint-Jean, 83690 Villecroze<\/li>\n\n\n\n<li><strong>Ce qui vous y attend <\/strong>: boucle facile entre vignes, pins parasols et ch\u00eanes truffiers, passage sous un ancien aqueduc romain, cascades situ\u00e9es dans le vallon, senteurs de thym et de serpolet.<\/li>\n\n\n\n<li><strong>Distance depuis le Relais de la Bresque <\/strong>: environ 15 minutes en voiture (14 km)<\/li>\n<\/ul>\n\n\n\n<h2 class=\"wp-block-heading\">For\u00eat d\u2019 Entrecasteaux<\/h2>\n\n\n\n<p>Id\u00e9alement situ\u00e9e dans la <strong>Provence Verte<\/strong>, la <strong>for\u00eat d\u2019Entrecasteaux<\/strong> donne acc\u00e8s \u00e0 une belle \u00e9chapp\u00e9e entre collines et vall\u00e9es. <strong>Deux sentiers balis\u00e9s <\/strong>permettent de d\u00e9couvrir cette nature pr\u00e9serv\u00e9e : la<strong> boucle des Colles <\/strong>(4,5 km) au d\u00e9part de la place Bruny, facile et ponctu\u00e9e de vues sur la vall\u00e9e de la Bresque, et le D\u00e9fens de Valpeironne (6,9 km), <strong>au d\u00e9part du ch\u00e2teau<\/strong>, pour s\u2019enfoncer plus profond\u00e9ment dans la for\u00eat.<\/p>\n\n\n\n<p><strong>En bref<\/strong><\/p>\n\n\n\n<ul class=\"wp-block-list\">\n<li><strong>Comment y acc\u00e9der ?<\/strong> D\u00e9part du circuit des Colles : place Bruny, Entrecasteaux ; d\u00e9part du D\u00e9fens de Valpeironne : \u00e0 proximit\u00e9 du ch\u00e2teau d\u2019Entrecasteaux<\/li>\n\n\n\n<li><strong>Ce qui vous y attend :<\/strong> boucles faciles en for\u00eat, vues sur la vall\u00e9e de la Bresque, d\u00e9couverte du village m\u00e9di\u00e9val, du ch\u00e2teau, des jardins de Le N\u00f4tre, du lavoir et du pont Saint-Pierre.<\/li>\n\n\n\n<li><strong>Distance depuis le Relais de la Bresque :<\/strong> environ 20 minutes en voiture (14 km)<br><br><\/li>\n<\/ul>\n\n\n\n<h2 class=\"wp-block-heading\">For\u00eat de Flayosc<\/h2>\n\n\n\n<p>Aux portes du<strong> Haut-Var<\/strong>, la <strong>for\u00eat de Flayosc<\/strong> dispose d\u2019un cadre naturel paisible pour des balades accessibles \u00e0 tous. Plusieurs <strong>sentiers balis\u00e9s <\/strong>vous sont propos\u00e9s \u00e0 travers une v\u00e9g\u00e9tation typiquement m\u00e9diterran\u00e9enne : <strong>pins d\u2019Alep, ch\u00eanes verts et arbousiers<\/strong>. Parmi eux, la <strong>boucle du Peylong (6,4 km)<\/strong> est une balade agr\u00e9able qui passe en for\u00eat dans le Var, au d\u00e9part du village, ponctu\u00e9e de murets en pierres s\u00e8ches et de beaux points de vue sur la plaine.<\/p>\n\n\n\n<p><strong>En bref<\/strong> \u2022 <strong>Comment y acc\u00e9der ?<\/strong> d\u00e9part du village de Flayosc, place de la R\u00e9publique<\/p>\n\n\n\n<ul class=\"wp-block-list\">\n<li><strong>Ce qui vous y attend :<\/strong> sentiers faciles en for\u00eat m\u00e9diterran\u00e9enne, murets en pierres s\u00e8ches, vues d\u00e9gag\u00e9es sur la campagne du Haut-Var.<\/li>\n\n\n\n<li><strong>Distance depuis le Relais de la Bresque :<\/strong> environ 23 minutes en voiture (21 km)<\/li>\n<\/ul>\n\n\n\n<h2 class=\"wp-block-heading\">For\u00eat de Ch\u00e2teaudouble<\/h2>\n\n\n\n<p>\u00c0 <strong>36 kilom\u00e8tres de Sillans-la-Cascade<\/strong>, la <strong>for\u00eat communale <\/strong>de <a href=\"https:\/\/www.lerelaisdelabresque.net\/fr\/blog\/visiter-chateaudouble\/\">Ch\u00e2teaudouble<\/a> vous invite \u00e0 d\u00e9couvrir un v\u00e9ritable \u00ab nid d\u2019aigle \u00bb. Dominant les <strong>gorges de la Nartuby<\/strong>, cette balade en for\u00eat dans le Var est id\u00e9ale pour d\u00e9couvrir la nature environnante. Cette for\u00eat de<strong> 463 hectares<\/strong> se compose d\u2019un terrain vari\u00e9, entre falaises et for\u00eats denses. Depuis la <strong>Tour de guet<\/strong>, vous profiterez pleinement d&rsquo;une belle vue sur les paysages sauvages des environs et en apprendrez davantage sur l&rsquo;histoire de ce site class\u00e9.<\/p>\n\n\n\n<p><strong>En bref :<\/strong><\/p>\n\n\n\n<ul class=\"wp-block-list\">\n<li><strong>Comment y acc\u00e9der ?<\/strong> d\u00e9part depuis le village de Ch\u00e2teaudouble, accessible par la RD 51<\/li>\n\n\n\n<li><strong>Ce qui vous y attend :<\/strong> randonn\u00e9es en for\u00eat m\u00e9diterran\u00e9enne, beaux points de vue depuis la tour de guet, d\u00e9couverte du village m\u00e9di\u00e9val et des gorges de la Nartuby.\u200b<\/li>\n\n\n\n<li><strong>Distance depuis le Relais de la Bresque :<\/strong> environ 40 minutes en voiture (32 km).\u200b<\/li>\n<\/ul>\n\n\n\n<p>Pins d\u2019Alep, ch\u00eanes verts et vall\u00e9es secr\u00e8tes, les<strong> balades en for\u00eat dans le Var <\/strong>invitent \u00e0 ralentir, \u00e0 se connecter \u00e0 la nature et \u00e0 admirer les beaux paysages proven\u00e7aux. Que vous choisissiez de longer un <strong>aqueduc romain<\/strong>, <strong>traverser un vallon parfum\u00e9 de thym<\/strong>, ou<strong> contempliez les gorges depuis une tour de guet<\/strong>, vous serez assur\u00e9ment \u00e9blouis par la beaut\u00e9 de la nature Proven\u00e7ale. Le tout \u00e0 deux pas du <strong>Relais de la Bresque<\/strong> !<\/p>\n\n\n\n<p><\/p>\n","protected":false},"excerpt":{"rendered":"<p>Dans le Var, les for\u00eats exhalent des senteurs de pin, de ciste et de ch\u00eane li\u00e8ge. \u00c0 l\u2019ombre des feuillages, chacune des balades en for\u00eat dans le Var invite \u00e0 prendre le temps de se reconnecter \u00e0 soi et \u00e0 la nature environnante. Depuis Le Relais de la Bresque, agr\u00e9able camping \u00e0 Sillans-la-Cascade, vous aurez [&hellip;]<\/p>\n","protected":false},"author":9,"featured_media":2668,"comment_status":"open","ping_status":"open","sticky":false,"template":"","format":"standard","meta":{"footnotes":""},"categories":[1],"tags":[],"class_list":["post-2655","post","type-post","status-publish","format-standard","has-post-thumbnail","hentry","category-blog"],"yoast_head":"<!-- This site is optimized with the Yoast SEO plugin v25.3 - https:\/\/yoast.com\/wordpress\/plugins\/seo\/ -->\n<title>5 belles balades en for\u00eat dans le Var<\/title>\n<meta name=\"description\" content=\"Partez en balade en for\u00eat dans le Var et d\u00e9couvrez une Provence naturelle et authentique.\" \/>\n<meta name=\"robots\" content=\"index, follow, max-snippet:-1, max-image-preview:large, max-video-preview:-1\" \/>\n<link rel=\"canonical\" href=\"https:\/\/www.lerelaisdelabresque.net\/fr\/blog\/balades-foret-var\/\" \/>\n<meta property=\"og:locale\" content=\"fr_FR\" \/>\n<meta property=\"og:type\" content=\"article\" \/>\n<meta property=\"og:title\" content=\"5 belles balades en for\u00eat dans le Var\" \/>\n<meta property=\"og:description\" content=\"Partez en balade en for\u00eat dans le Var et d\u00e9couvrez une Provence naturelle et authentique.\" \/>\n<meta property=\"og:url\" content=\"https:\/\/www.lerelaisdelabresque.net\/fr\/blog\/balades-foret-var\/\" \/>\n<meta property=\"og:site_name\" content=\"Camping Relais de la Bresque\" \/>\n<meta property=\"article:published_time\" content=\"2025-05-02T13:04:18+00:00\" \/>\n<meta property=\"article:modified_time\" content=\"2025-05-05T10:32:02+00:00\" \/>\n<meta property=\"og:image\" content=\"https:\/\/www.lerelaisdelabresque.net\/wp-content\/uploads\/2025\/05\/header-balades-en-forets.webp\" \/>\n\t<meta property=\"og:image:width\" content=\"1903\" \/>\n\t<meta property=\"og:image:height\" content=\"400\" \/>\n\t<meta property=\"og:image:type\" content=\"image\/webp\" \/>\n<meta name=\"author\" content=\"jerome\" \/>\n<meta name=\"twitter:card\" content=\"summary_large_image\" \/>\n<meta name=\"twitter:label1\" content=\"\u00c9crit par\" \/>\n\t<meta name=\"twitter:data1\" content=\"jerome\" \/>\n\t<meta name=\"twitter:label2\" content=\"Dur\u00e9e de lecture estim\u00e9e\" \/>\n\t<meta name=\"twitter:data2\" content=\"5 minutes\" \/>\n<script type=\"application\/ld+json\" class=\"yoast-schema-graph\">{\"@context\":\"https:\/\/schema.org\",\"@graph\":[{\"@type\":\"WebPage\",\"@id\":\"https:\/\/www.lerelaisdelabresque.net\/fr\/blog\/balades-foret-var\/\",\"url\":\"https:\/\/www.lerelaisdelabresque.net\/fr\/blog\/balades-foret-var\/\",\"name\":\"5 belles balades en for\u00eat dans le Var\",\"isPartOf\":{\"@id\":\"https:\/\/www.lerelaisdelabresque.net\/fr\/#website\"},\"primaryImageOfPage\":{\"@id\":\"https:\/\/www.lerelaisdelabresque.net\/fr\/blog\/balades-foret-var\/#primaryimage\"},\"image\":{\"@id\":\"https:\/\/www.lerelaisdelabresque.net\/fr\/blog\/balades-foret-var\/#primaryimage\"},\"thumbnailUrl\":\"https:\/\/www.lerelaisdelabresque.net\/wp-content\/uploads\/2025\/05\/header-balades-en-forets.webp\",\"datePublished\":\"2025-05-02T13:04:18+00:00\",\"dateModified\":\"2025-05-05T10:32:02+00:00\",\"author\":{\"@id\":\"https:\/\/www.lerelaisdelabresque.net\/fr\/#\/schema\/person\/46d509dc54081c565aac0c0d2d2f5c0b\"},\"description\":\"Partez en balade en for\u00eat dans le Var et d\u00e9couvrez une Provence naturelle et authentique.\",\"breadcrumb\":{\"@id\":\"https:\/\/www.lerelaisdelabresque.net\/fr\/blog\/balades-foret-var\/#breadcrumb\"},\"inLanguage\":\"fr-FR\",\"potentialAction\":[{\"@type\":\"ReadAction\",\"target\":[\"https:\/\/www.lerelaisdelabresque.net\/fr\/blog\/balades-foret-var\/\"]}]},{\"@type\":\"ImageObject\",\"inLanguage\":\"fr-FR\",\"@id\":\"https:\/\/www.lerelaisdelabresque.net\/fr\/blog\/balades-foret-var\/#primaryimage\",\"url\":\"https:\/\/www.lerelaisdelabresque.net\/wp-content\/uploads\/2025\/05\/header-balades-en-forets.webp\",\"contentUrl\":\"https:\/\/www.lerelaisdelabresque.net\/wp-content\/uploads\/2025\/05\/header-balades-en-forets.webp\",\"width\":1903,\"height\":400},{\"@type\":\"BreadcrumbList\",\"@id\":\"https:\/\/www.lerelaisdelabresque.net\/fr\/blog\/balades-foret-var\/#breadcrumb\",\"itemListElement\":[{\"@type\":\"ListItem\",\"position\":1,\"name\":\"Camping Verdon\",\"item\":\"https:\/\/www.lerelaisdelabresque.net\/fr\/\"},{\"@type\":\"ListItem\",\"position\":2,\"name\":\"Blog\",\"item\":\"https:\/\/www.lerelaisdelabresque.net\/fr\/blog\/\"},{\"@type\":\"ListItem\",\"position\":3,\"name\":\"Se promener en for\u00eat dans le Var\"}]},{\"@type\":\"WebSite\",\"@id\":\"https:\/\/www.lerelaisdelabresque.net\/fr\/#website\",\"url\":\"https:\/\/www.lerelaisdelabresque.net\/fr\/\",\"name\":\"Camping Relais de la Bresque\",\"description\":\"\",\"potentialAction\":[{\"@type\":\"SearchAction\",\"target\":{\"@type\":\"EntryPoint\",\"urlTemplate\":\"https:\/\/www.lerelaisdelabresque.net\/fr\/?s={search_term_string}\"},\"query-input\":{\"@type\":\"PropertyValueSpecification\",\"valueRequired\":true,\"valueName\":\"search_term_string\"}}],\"inLanguage\":\"fr-FR\"},{\"@type\":\"Person\",\"@id\":\"https:\/\/www.lerelaisdelabresque.net\/fr\/#\/schema\/person\/46d509dc54081c565aac0c0d2d2f5c0b\",\"name\":\"jerome\",\"image\":{\"@type\":\"ImageObject\",\"inLanguage\":\"fr-FR\",\"@id\":\"https:\/\/www.lerelaisdelabresque.net\/fr\/#\/schema\/person\/image\/\",\"url\":\"https:\/\/secure.gravatar.com\/avatar\/3191d165b22f0bd779c015bdc1c6053f?s=96&d=mm&r=g\",\"contentUrl\":\"https:\/\/secure.gravatar.com\/avatar\/3191d165b22f0bd779c015bdc1c6053f?s=96&d=mm&r=g\",\"caption\":\"jerome\"}}]}<\/script>\n<!-- \/ Yoast SEO plugin. -->","yoast_head_json":{"title":"5 belles balades en for\u00eat dans le Var","description":"Partez en balade en for\u00eat dans le Var et d\u00e9couvrez une Provence naturelle et authentique.","robots":{"index":"index","follow":"follow","max-snippet":"max-snippet:-1","max-image-preview":"max-image-preview:large","max-video-preview":"max-video-preview:-1"},"canonical":"https:\/\/www.lerelaisdelabresque.net\/fr\/blog\/balades-foret-var\/","og_locale":"fr_FR","og_type":"article","og_title":"5 belles balades en for\u00eat dans le Var","og_description":"Partez en balade en for\u00eat dans le Var et d\u00e9couvrez une Provence naturelle et authentique.","og_url":"https:\/\/www.lerelaisdelabresque.net\/fr\/blog\/balades-foret-var\/","og_site_name":"Camping Relais de la Bresque","article_published_time":"2025-05-02T13:04:18+00:00","article_modified_time":"2025-05-05T10:32:02+00:00","og_image":[{"width":1903,"height":400,"url":"https:\/\/www.lerelaisdelabresque.net\/wp-content\/uploads\/2025\/05\/header-balades-en-forets.webp","type":"image\/webp"}],"author":"jerome","twitter_card":"summary_large_image","twitter_misc":{"\u00c9crit par":"jerome","Dur\u00e9e de lecture estim\u00e9e":"5 minutes"},"schema":{"@context":"https:\/\/schema.org","@graph":[{"@type":"WebPage","@id":"https:\/\/www.lerelaisdelabresque.net\/fr\/blog\/balades-foret-var\/","url":"https:\/\/www.lerelaisdelabresque.net\/fr\/blog\/balades-foret-var\/","name":"5 belles balades en for\u00eat dans le Var","isPartOf":{"@id":"https:\/\/www.lerelaisdelabresque.net\/fr\/#website"},"primaryImageOfPage":{"@id":"https:\/\/www.lerelaisdelabresque.net\/fr\/blog\/balades-foret-var\/#primaryimage"},"image":{"@id":"https:\/\/www.lerelaisdelabresque.net\/fr\/blog\/balades-foret-var\/#primaryimage"},"thumbnailUrl":"https:\/\/www.lerelaisdelabresque.net\/wp-content\/uploads\/2025\/05\/header-balades-en-forets.webp","datePublished":"2025-05-02T13:04:18+00:00","dateModified":"2025-05-05T10:32:02+00:00","author":{"@id":"https:\/\/www.lerelaisdelabresque.net\/fr\/#\/schema\/person\/46d509dc54081c565aac0c0d2d2f5c0b"},"description":"Partez en balade en for\u00eat dans le Var et d\u00e9couvrez une Provence naturelle et authentique.","breadcrumb":{"@id":"https:\/\/www.lerelaisdelabresque.net\/fr\/blog\/balades-foret-var\/#breadcrumb"},"inLanguage":"fr-FR","potentialAction":[{"@type":"ReadAction","target":["https:\/\/www.lerelaisdelabresque.net\/fr\/blog\/balades-foret-var\/"]}]},{"@type":"ImageObject","inLanguage":"fr-FR","@id":"https:\/\/www.lerelaisdelabresque.net\/fr\/blog\/balades-foret-var\/#primaryimage","url":"https:\/\/www.lerelaisdelabresque.net\/wp-content\/uploads\/2025\/05\/header-balades-en-forets.webp","contentUrl":"https:\/\/www.lerelaisdelabresque.net\/wp-content\/uploads\/2025\/05\/header-balades-en-forets.webp","width":1903,"height":400},{"@type":"BreadcrumbList","@id":"https:\/\/www.lerelaisdelabresque.net\/fr\/blog\/balades-foret-var\/#breadcrumb","itemListElement":[{"@type":"ListItem","position":1,"name":"Camping Verdon","item":"https:\/\/www.lerelaisdelabresque.net\/fr\/"},{"@type":"ListItem","position":2,"name":"Blog","item":"https:\/\/www.lerelaisdelabresque.net\/fr\/blog\/"},{"@type":"ListItem","position":3,"name":"Se promener en for\u00eat dans le Var"}]},{"@type":"WebSite","@id":"https:\/\/www.lerelaisdelabresque.net\/fr\/#website","url":"https:\/\/www.lerelaisdelabresque.net\/fr\/","name":"Camping Relais de la Bresque","description":"","potentialAction":[{"@type":"SearchAction","target":{"@type":"EntryPoint","urlTemplate":"https:\/\/www.lerelaisdelabresque.net\/fr\/?s={search_term_string}"},"query-input":{"@type":"PropertyValueSpecification","valueRequired":true,"valueName":"search_term_string"}}],"inLanguage":"fr-FR"},{"@type":"Person","@id":"https:\/\/www.lerelaisdelabresque.net\/fr\/#\/schema\/person\/46d509dc54081c565aac0c0d2d2f5c0b","name":"jerome","image":{"@type":"ImageObject","inLanguage":"fr-FR","@id":"https:\/\/www.lerelaisdelabresque.net\/fr\/#\/schema\/person\/image\/","url":"https:\/\/secure.gravatar.com\/avatar\/3191d165b22f0bd779c015bdc1c6053f?s=96&d=mm&r=g","contentUrl":"https:\/\/secure.gravatar.com\/avatar\/3191d165b22f0bd779c015bdc1c6053f?s=96&d=mm&r=g","caption":"jerome"}}]}},"_links":{"self":[{"href":"https:\/\/www.lerelaisdelabresque.net\/fr\/wp-json\/wp\/v2\/posts\/2655"}],"collection":[{"href":"https:\/\/www.lerelaisdelabresque.net\/fr\/wp-json\/wp\/v2\/posts"}],"about":[{"href":"https:\/\/www.lerelaisdelabresque.net\/fr\/wp-json\/wp\/v2\/types\/post"}],"author":[{"embeddable":true,"href":"https:\/\/www.lerelaisdelabresque.net\/fr\/wp-json\/wp\/v2\/users\/9"}],"replies":[{"embeddable":true,"href":"https:\/\/www.lerelaisdelabresque.net\/fr\/wp-json\/wp\/v2\/comments?post=2655"}],"version-history":[{"count":9,"href":"https:\/\/www.lerelaisdelabresque.net\/fr\/wp-json\/wp\/v2\/posts\/2655\/revisions"}],"predecessor-version":[{"id":2690,"href":"https:\/\/www.lerelaisdelabresque.net\/fr\/wp-json\/wp\/v2\/posts\/2655\/revisions\/2690"}],"wp:featuredmedia":[{"embeddable":true,"href":"https:\/\/www.lerelaisdelabresque.net\/fr\/wp-json\/wp\/v2\/media\/2668"}],"wp:attachment":[{"href":"https:\/\/www.lerelaisdelabresque.net\/fr\/wp-json\/wp\/v2\/media?parent=2655"}],"wp:term":[{"taxonomy":"category","embeddable":true,"href":"https:\/\/www.lerelaisdelabresque.net\/fr\/wp-json\/wp\/v2\/categories?post=2655"},{"taxonomy":"post_tag","embeddable":true,"href":"https:\/\/www.lerelaisdelabresque.net\/fr\/wp-json\/wp\/v2\/tags?post=2655"}],"curies":[{"name":"wp","href":"https:\/\/api.w.org\/{rel}","templated":true}]}}